{"id":100,"date":"2019-07-21T14:36:32","date_gmt":"2019-07-21T12:36:32","guid":{"rendered":"https:\/\/lefrancois.org\/?p=100"},"modified":"2019-07-21T14:36:34","modified_gmt":"2019-07-21T12:36:34","slug":"harcelement","status":"publish","type":"post","link":"https:\/\/lefrancois.org\/index.php\/2019\/07\/21\/harcelement\/","title":{"rendered":"Harc\u00e8lement"},"content":{"rendered":"\n<h2 class=\"wp-block-heading\">Article 222-33-2 du Code P\u00e9nal<\/h2>\n\n\n\n<p>Le fait de harceler autrui par des propos ou comportements r\u00e9p\u00e9t\u00e9s ayant pour objet ou pour effet une d\u00e9gradation des conditions de travail susceptible de porter atteinte \u00e0 ses droits et \u00e0 sa dignit\u00e9, d&rsquo;alt\u00e9rer sa sant\u00e9 physique ou mentale ou de compromettre son avenir professionnel, est puni de deux ans d&#8217;emprisonnement et de 30 000 \u20ac d&rsquo;amende.<\/p>\n","protected":false},"excerpt":{"rendered":"<p>Article 222-33-2 du Code P\u00e9nal Le fait de harceler autrui par des propos ou comportements r\u00e9p\u00e9t\u00e9s ayant pour objet ou pour effet une d\u00e9gradation des conditions de travail susceptible de porter atteinte \u00e0 ses droits et \u00e0 sa dignit\u00e9, d&rsquo;alt\u00e9rer sa sant\u00e9 physique ou mentale ou de compromettre son avenir professionnel, est puni de deux [&hellip;]<\/p>\n","protected":false},"author":1,"featured_media":0,"comment_status":"open","ping_status":"open","sticky":false,"template":"","format":"standard","meta":{"footnotes":""},"categories":[1],"tags":[],"class_list":["post-100","post","type-post","status-publish","format-standard","hentry","category-non-classe"],"_links":{"self":[{"href":"https:\/\/lefrancois.org\/index.php\/wp-json\/wp\/v2\/posts\/100","targetHints":{"allow":["GET"]}}],"collection":[{"href":"https:\/\/lefrancois.org\/index.php\/wp-json\/wp\/v2\/posts"}],"about":[{"href":"https:\/\/lefrancois.org\/index.php\/wp-json\/wp\/v2\/types\/post"}],"author":[{"embeddable":true,"href":"https:\/\/lefrancois.org\/index.php\/wp-json\/wp\/v2\/users\/1"}],"replies":[{"embeddable":true,"href":"https:\/\/lefrancois.org\/index.php\/wp-json\/wp\/v2\/comments?post=100"}],"version-history":[{"count":1,"href":"https:\/\/lefrancois.org\/index.php\/wp-json\/wp\/v2\/posts\/100\/revisions"}],"predecessor-version":[{"id":101,"href":"https:\/\/lefrancois.org\/index.php\/wp-json\/wp\/v2\/posts\/100\/revisions\/101"}],"wp:attachment":[{"href":"https:\/\/lefrancois.org\/index.php\/wp-json\/wp\/v2\/media?parent=100"}],"wp:term":[{"taxonomy":"category","embeddable":true,"href":"https:\/\/lefrancois.org\/index.php\/wp-json\/wp\/v2\/categories?post=100"},{"taxonomy":"post_tag","embeddable":true,"href":"https:\/\/lefrancois.org\/index.php\/wp-json\/wp\/v2\/tags?post=100"}],"curies":[{"name":"wp","href":"https:\/\/api.w.org\/{rel}","templated":true}]}}