{"id":20,"date":"2019-04-27T21:35:05","date_gmt":"2019-04-27T19:35:05","guid":{"rendered":"http:\/\/lefrancois.org\/?p=20"},"modified":"2019-04-28T16:19:16","modified_gmt":"2019-04-28T14:19:16","slug":"bspp-fermeture-de-29-vsav-2","status":"publish","type":"post","link":"https:\/\/lefrancois.org\/index.php\/2019\/04\/27\/bspp-fermeture-de-29-vsav-2\/","title":{"rendered":"BSPP: fermeture de 29 VSAV"},"content":{"rendered":"\n<p>Selon nos informations, et en raison d\u2019un d\u00e9ficit d\u2019effectifs au sein de la Brigade, le G\u00e9n\u00e9ral souhaiterait mettre en place&nbsp;\u00ab&nbsp;<em>une exp\u00e9rimentation d\u2019adaptation de la couverture op\u00e9rationnelle durant les mois de mai et juin 2019\u00bb<\/em>.&nbsp;Cette exp\u00e9rimentation concerne la fermeture de 29 VSAV sur le secteur d\u2019intervention de la BSPP et plus pr\u00e9cis\u00e9ment, la fermeture de 4 VSAV sur le d\u00e9partement du 93.&nbsp;Dans le m\u00eame temps, le Centre Op\u00e9rationnel de la BSPP effectuera la bascule, vers les 4 CRRA de l\u2019APHP, des proc\u00e9dures blanches (appel sans d\u00e9tresse au domicile).<br><\/p>\n","protected":false},"excerpt":{"rendered":"<p>Selon nos informations, et en raison d\u2019un d\u00e9ficit d\u2019effectifs au sein de la Brigade, le G\u00e9n\u00e9ral souhaiterait mettre en place&nbsp;\u00ab&nbsp;une exp\u00e9rimentation d\u2019adaptation de la couverture op\u00e9rationnelle durant les mois de mai et juin 2019\u00bb.&nbsp;Cette exp\u00e9rimentation concerne la fermeture de 29 VSAV sur le secteur d\u2019intervention de la BSPP et plus pr\u00e9cis\u00e9ment, la fermeture de 4 [&hellip;]<\/p>\n","protected":false},"author":1,"featured_media":0,"comment_status":"open","ping_status":"open","sticky":false,"template":"","format":"standard","meta":{"footnotes":""},"categories":[2],"tags":[],"class_list":["post-20","post","type-post","status-publish","format-standard","hentry","category-pds94"],"_links":{"self":[{"href":"https:\/\/lefrancois.org\/index.php\/wp-json\/wp\/v2\/posts\/20","targetHints":{"allow":["GET"]}}],"collection":[{"href":"https:\/\/lefrancois.org\/index.php\/wp-json\/wp\/v2\/posts"}],"about":[{"href":"https:\/\/lefrancois.org\/index.php\/wp-json\/wp\/v2\/types\/post"}],"author":[{"embeddable":true,"href":"https:\/\/lefrancois.org\/index.php\/wp-json\/wp\/v2\/users\/1"}],"replies":[{"embeddable":true,"href":"https:\/\/lefrancois.org\/index.php\/wp-json\/wp\/v2\/comments?post=20"}],"version-history":[{"count":4,"href":"https:\/\/lefrancois.org\/index.php\/wp-json\/wp\/v2\/posts\/20\/revisions"}],"predecessor-version":[{"id":30,"href":"https:\/\/lefrancois.org\/index.php\/wp-json\/wp\/v2\/posts\/20\/revisions\/30"}],"wp:attachment":[{"href":"https:\/\/lefrancois.org\/index.php\/wp-json\/wp\/v2\/media?parent=20"}],"wp:term":[{"taxonomy":"category","embeddable":true,"href":"https:\/\/lefrancois.org\/index.php\/wp-json\/wp\/v2\/categories?post=20"},{"taxonomy":"post_tag","embeddable":true,"href":"https:\/\/lefrancois.org\/index.php\/wp-json\/wp\/v2\/tags?post=20"}],"curies":[{"name":"wp","href":"https:\/\/api.w.org\/{rel}","templated":true}]}}