{"id":44,"date":"2019-05-03T16:44:14","date_gmt":"2019-05-03T14:44:14","guid":{"rendered":"https:\/\/lefrancois.org\/?p=44"},"modified":"2019-05-03T16:44:14","modified_gmt":"2019-05-03T14:44:14","slug":"arps-94","status":"publish","type":"post","link":"https:\/\/lefrancois.org\/index.php\/2019\/05\/03\/arps-94\/","title":{"rendered":"ARPS 94"},"content":{"rendered":"\n<h3 class=\"wp-block-heading\">Annonce<\/h3>\n\n\n\n<p>No d&rsquo;annonce :&nbsp;<strong>2203<\/strong><br>Paru le :&nbsp;<strong>02\/02\/2013<\/strong><\/p>\n\n\n\n<p>ASSOCIATION D\u00c9PARTEMENTALE DES M\u00c9DECINS LIB\u00c9RAUX POUR LE REGROUPEMENT DE LA R\u00c9GULATION M\u00c9DICALE ET DE LA PERMANENCE DES SOINS AMBULATOIRES DANS LE D\u00c9PARTEMENT DU VAL-DE-MARNE &#8211; ARPS 94<br><\/p>\n\n\n\n<p>Identification R.N.A. :&nbsp;<strong>W941007885<\/strong><br><br>No de parution :&nbsp;<strong>20130005<\/strong><br>D\u00e9partement (R\u00e9gion) :&nbsp;<strong>Val-de-Marne (\u00cele-de-France)<\/strong><\/p>\n\n\n\n<p>Lieu parution :&nbsp;<strong>D\u00e9claration \u00e0 la pr\u00e9fecture du Val-de-Marne.&nbsp;<\/strong><br>Type d&rsquo;annonce :&nbsp;<strong>ASSOCIATION\/CREATION<\/strong><\/p>\n\n\n\n<p><br>D\u00e9claration \u00e0 la pr\u00e9fecture du Val-de-Marne.\u00a0<strong>ASSOCIATION D\u00c9PARTEMENTALE DES M\u00c9DECINS LIB\u00c9RAUX POUR LE REGROUPEMENT DE LA R\u00c9GULATION M\u00c9DICALE ET DE LA PERMANENCE DES SOINS AMBULATOIRES DANS LE D\u00c9PARTEMENT DU VAL-DE-MARNE &#8211; ARPS 94.\u00a0<\/strong><em>Objet\u00a0:\u00a0<\/em>organiser, coordonner et faciliter la participation des m\u00e9decins lib\u00e9raux aux dispositifs de permanence des soins ambulatoires.\u00a0<em>Si\u00e8ge social\u00a0:\u00a0<\/em>4, rue Octave du Mesnil, 94000\u00a0Cr\u00e9teil.\u00a0<em>Date de la d\u00e9claration\u00a0:\u00a0<\/em>10\u00a0janvier\u00a02013.<\/p>\n","protected":false},"excerpt":{"rendered":"<p>Annonce No d&rsquo;annonce :&nbsp;2203Paru le :&nbsp;02\/02\/2013 ASSOCIATION D\u00c9PARTEMENTALE DES M\u00c9DECINS LIB\u00c9RAUX POUR LE REGROUPEMENT DE LA R\u00c9GULATION M\u00c9DICALE ET DE LA PERMANENCE DES SOINS AMBULATOIRES DANS LE D\u00c9PARTEMENT DU VAL-DE-MARNE &#8211; ARPS 94 Identification R.N.A. :&nbsp;W941007885 No de parution :&nbsp;20130005D\u00e9partement (R\u00e9gion) :&nbsp;Val-de-Marne (\u00cele-de-France) Lieu parution :&nbsp;D\u00e9claration \u00e0 la pr\u00e9fecture du Val-de-Marne.&nbsp;Type d&rsquo;annonce :&nbsp;ASSOCIATION\/CREATION D\u00e9claration \u00e0 [&hellip;]<\/p>\n","protected":false},"author":1,"featured_media":0,"comment_status":"open","ping_status":"open","sticky":false,"template":"","format":"standard","meta":{"footnotes":""},"categories":[5],"tags":[],"class_list":["post-44","post","type-post","status-publish","format-standard","hentry","category-arps94"],"_links":{"self":[{"href":"https:\/\/lefrancois.org\/index.php\/wp-json\/wp\/v2\/posts\/44","targetHints":{"allow":["GET"]}}],"collection":[{"href":"https:\/\/lefrancois.org\/index.php\/wp-json\/wp\/v2\/posts"}],"about":[{"href":"https:\/\/lefrancois.org\/index.php\/wp-json\/wp\/v2\/types\/post"}],"author":[{"embeddable":true,"href":"https:\/\/lefrancois.org\/index.php\/wp-json\/wp\/v2\/users\/1"}],"replies":[{"embeddable":true,"href":"https:\/\/lefrancois.org\/index.php\/wp-json\/wp\/v2\/comments?post=44"}],"version-history":[{"count":3,"href":"https:\/\/lefrancois.org\/index.php\/wp-json\/wp\/v2\/posts\/44\/revisions"}],"predecessor-version":[{"id":47,"href":"https:\/\/lefrancois.org\/index.php\/wp-json\/wp\/v2\/posts\/44\/revisions\/47"}],"wp:attachment":[{"href":"https:\/\/lefrancois.org\/index.php\/wp-json\/wp\/v2\/media?parent=44"}],"wp:term":[{"taxonomy":"category","embeddable":true,"href":"https:\/\/lefrancois.org\/index.php\/wp-json\/wp\/v2\/categories?post=44"},{"taxonomy":"post_tag","embeddable":true,"href":"https:\/\/lefrancois.org\/index.php\/wp-json\/wp\/v2\/tags?post=44"}],"curies":[{"name":"wp","href":"https:\/\/api.w.org\/{rel}","templated":true}]}}