{"id":92,"date":"2019-06-18T09:52:13","date_gmt":"2019-06-18T07:52:13","guid":{"rendered":"https:\/\/lefrancois.org\/?p=92"},"modified":"2019-06-19T21:32:42","modified_gmt":"2019-06-19T19:32:42","slug":"referentiel-commun-dorganisation-du-secours-a-personne-et-de-laide-medicale-urgente","status":"publish","type":"post","link":"https:\/\/lefrancois.org\/index.php\/2019\/06\/18\/referentiel-commun-dorganisation-du-secours-a-personne-et-de-laide-medicale-urgente\/","title":{"rendered":"R\u00e9f\u00e9rentiel commun d&rsquo;organisation du secours \u00e0 personne et de l&rsquo;aide m\u00e9dicale urgente"},"content":{"rendered":"\n<p>Le 26 novembre 2007, la ministre de l&rsquo;int\u00e9rieur, de l&rsquo;outre-mer et des collectivit\u00e9s territoriales et la ministre de la sant\u00e9, de la jeunesse et des sports, ont d\u00e9cid\u00e9 la cr\u00e9ation d&rsquo;un comit\u00e9 tripartite pour la r\u00e9daction d&rsquo;un r\u00e9f\u00e9rentiel commun visant l&rsquo;am\u00e9lioration des coordinations fonctionnelles entre les missions de secours \u00e0 personne et la prise en charge des urgences m\u00e9dicales, \u00e0 tous les  niveaux. <\/p>\n\n\n\n<p>Ce r\u00e9f\u00e9rentiel est opposable depuis le 31 d\u00e9cembre 2009, tel que le pr\u00e9cise l&rsquo;Arr\u00eat\u00e9 du 24 avril 2009 relatif \u00e0 la mise en \u0153uvre du r\u00e9f\u00e9rentiel portant sur l&rsquo;organisation du secours \u00e0 personne et de l&rsquo;aide m\u00e9dicale urgente (NOR: IOCE0907984A)&nbsp;<\/p>\n\n\n\n<div class=\"wp-block-file\"><a href=\"https:\/\/lefrancois.org\/wp-content\/uploads\/2019\/06\/referentiel_commun_organisation_secours.pdf\">Organisation du secours \u00e0 personne et de l&rsquo;aide m\u00e9dicale urgente, r\u00e9f\u00e9rentiel commun, 25 juin 2008<br><\/a><a href=\"https:\/\/lefrancois.org\/wp-content\/uploads\/2019\/06\/referentiel_commun_organisation_secours.pdf\" class=\"wp-block-file__button\" download>T\u00e9l\u00e9charger<\/a><\/div>\n\n\n\n<p><\/p>\n","protected":false},"excerpt":{"rendered":"<p>Le 26 novembre 2007, la ministre de l&rsquo;int\u00e9rieur, de l&rsquo;outre-mer et des collectivit\u00e9s territoriales et la ministre de la sant\u00e9, de la jeunesse et des sports, ont d\u00e9cid\u00e9 la cr\u00e9ation d&rsquo;un comit\u00e9 tripartite pour la r\u00e9daction d&rsquo;un r\u00e9f\u00e9rentiel commun visant l&rsquo;am\u00e9lioration des coordinations fonctionnelles entre les missions de secours \u00e0 personne et la prise en [&hellip;]<\/p>\n","protected":false},"author":1,"featured_media":0,"comment_status":"open","ping_status":"open","sticky":false,"template":"","format":"standard","meta":{"footnotes":""},"categories":[6],"tags":[15,13,11,9],"class_list":["post-92","post","type-post","status-publish","format-standard","hentry","category-bonnes-pratiques","tag-crra15","tag-bonnes-pratiques","tag-centre-15","tag-pdsa"],"_links":{"self":[{"href":"https:\/\/lefrancois.org\/index.php\/wp-json\/wp\/v2\/posts\/92","targetHints":{"allow":["GET"]}}],"collection":[{"href":"https:\/\/lefrancois.org\/index.php\/wp-json\/wp\/v2\/posts"}],"about":[{"href":"https:\/\/lefrancois.org\/index.php\/wp-json\/wp\/v2\/types\/post"}],"author":[{"embeddable":true,"href":"https:\/\/lefrancois.org\/index.php\/wp-json\/wp\/v2\/users\/1"}],"replies":[{"embeddable":true,"href":"https:\/\/lefrancois.org\/index.php\/wp-json\/wp\/v2\/comments?post=92"}],"version-history":[{"count":4,"href":"https:\/\/lefrancois.org\/index.php\/wp-json\/wp\/v2\/posts\/92\/revisions"}],"predecessor-version":[{"id":98,"href":"https:\/\/lefrancois.org\/index.php\/wp-json\/wp\/v2\/posts\/92\/revisions\/98"}],"wp:attachment":[{"href":"https:\/\/lefrancois.org\/index.php\/wp-json\/wp\/v2\/media?parent=92"}],"wp:term":[{"taxonomy":"category","embeddable":true,"href":"https:\/\/lefrancois.org\/index.php\/wp-json\/wp\/v2\/categories?post=92"},{"taxonomy":"post_tag","embeddable":true,"href":"https:\/\/lefrancois.org\/index.php\/wp-json\/wp\/v2\/tags?post=92"}],"curies":[{"name":"wp","href":"https:\/\/api.w.org\/{rel}","templated":true}]}}